{"id":34914,"date":"2021-09-22T10:55:21","date_gmt":"2021-09-22T08:55:21","guid":{"rendered":"https:\/\/sportlifeone.ch\/?p=34914"},"modified":"2021-10-06T12:52:17","modified_gmt":"2021-10-06T10:52:17","slug":"raphael-diaz-devient-ambassadeur","status":"publish","type":"post","link":"https:\/\/sportlifeone.ch\/fr\/2021\/09\/22\/raphael-diaz-devient-ambassadeur\/","title":{"rendered":"Raphael Diaz devient ambassadeur"},"content":{"rendered":"<div class=\"wpb-content-wrapper\"><p>[vc_row][vc_column][vc_column_text]<\/p>\n<p class=\"x_MsoNormal\"><strong><span lang=\"FR-CH\">Raphael Diaz (35 ans) devient ambassadeur de sportlifeone. \u00ab\u00a0Quand j&rsquo;\u00e9tais jeune, j&rsquo;aurais \u00e9t\u00e9 reconnaissant d&rsquo;avoir un r\u00e9seau aussi complet \u00e0 mes c\u00f4t\u00e9s\u00a0\u00bb, se souvient Raphael Diaz \u00e0 propos de ses d\u00e9buts professionnels. Dans son nouveau r\u00f4le, le capitaine de l&rsquo;\u00e9quipe nationale de hockey sur glace entend faire d\u00e9couvrir cette nouvelle possibilit\u00e9 aux jeunes joueurs et les inciter \u00e0 planifier tr\u00e8s t\u00f4t leur carri\u00e8re et leur vie apr\u00e8s le sport.<\/span><\/strong><\/p>\n<p class=\"x_MsoNormal\"><span lang=\"FR-CH\">\u00ab\u00a0Je suis fier d&rsquo;\u00eatre d\u00e9sormais le troisi\u00e8me ambassadeur de Sportlifeone aux c\u00f4t\u00e9s de Diego Benaglio et Pascal Zuberb\u00fchler\u00a0\u00bb, d\u00e9clare Raphael Diaz, impatient d&rsquo;assumer son nouveau r\u00f4le. \u00ab\u00a0Je recommanderai Sportlifeone en particulier aux jeunes joueurs qui veulent encore construire leur \u00e9cosyst\u00e8me autour de sujets priv\u00e9s.\u00a0\u00bb Diaz sait que cette plateforme de services est d\u00e9j\u00e0 bien connue de nombreux joueurs suisses de hockey sur glace. \u00ab\u00a0Sportlifeone est unique et comble un vide dans le sport professionnel suisse\u00a0\u00bb, d\u00e9clare M. Diaz avec conviction. \u00ab\u00a0Toute personne qui est membre a un acc\u00e8s instantan\u00e9 \u00e0 ces huit entreprises partenaires ind\u00e9pendantes et peut les contacter quand elle en a besoin.\u00a0\u00bb\u00a0<\/span><\/p>\n<p class=\"x_MsoNormal\"><span lang=\"FR-CH\">Raphael Diaz a eu une carri\u00e8re sans faute en tant que joueur professionnel de hockey sur glace. Il fait sa formation \u00e0 l&rsquo;EV Zug et y signe son premier contrat professionnel. Diaz a ensuite jou\u00e9 pour la National Hockey League (NHL) pendant cinq ans \u00e0 partir de 2016, en commen\u00e7ant par les Canadiens de Montr\u00e9al et en poursuivant son aventure nord-am\u00e9ricaine avec les Canucks de Vancouver, les Rangers de New York et les Flames de Calgary. Au total, avec l&rsquo;EVZ, il aura jou\u00e9 12 ans dans la plus haute division suisse. Ce printemps, il a remport\u00e9 le titre de champion tant attendu avec l&rsquo;\u00e9quipe de Suisse centrale. Il vit maintenant la derni\u00e8re \u00e9tape de sa carri\u00e8re en tant que d\u00e9fenseur au HC Fribourg-Gott\u00e9ron, o\u00f9 il a sign\u00e9 un nouveau contrat de quatre ans.<\/span><\/p>\n<p class=\"x_MsoNormal\"><span lang=\"FR-CH\">\u00ab\u00a0Sur la glace, je veux donner le meilleur de moi-m\u00eame, mais en m\u00eame temps, je veux aussi me pr\u00e9parer soigneusement \u00e0 la prochaine \u00e9tape de ma vie\u00a0\u00bb, r\u00e9v\u00e8le Diaz, qui en est \u00e0 sa 19e saison en tant que joueur professionnel de hockey sur glace. \u00ab\u00a0Maintenant que je b\u00e9n\u00e9ficie du soutien professionnel de Sportlifeone, je peux me concentrer pleinement sur mon r\u00f4le de joueur.\u00a0\u00bb<\/span><\/p>\n<p>[\/vc_column_text][vc_empty_space height=\u00a0\u00bb50px\u00a0\u00bb]<style type=\"text\/css\">.thegem-button-69ef885b3a3415151 .gem-button svg {fill: #ffffff;}.thegem-button-69ef885b3a3415151 .gem-button:hover svg {fill: #0a0a0a;}<\/style><div class=\"gem-button-container gem-button-position-center thegem-button-69ef885b3a3415151    \"  ><a title=\"Raphael Diaz\" class=\"gem-button gem-button-size-large gem-button-style-flat gem-button-text-weight-normal\" data-ll-effect=\"drop-right-without-wrap\" style=\"border-radius: 3px;background-color: #ae0f0a;color: #ffffff;\" onmouseleave=\"this.style.backgroundColor='#ae0f0a';this.style.color='#ffffff';\" onmouseenter=\"this.style.backgroundColor='#ae0f0a';this.style.color='#0a0a0a';\" href=\"https:\/\/sportlifeone.ch\/raphael-diaz\/?lang=fr\" target=\"_blank\">plus d&#039;infos sur Raphael Diaz<\/a><\/div> [\/vc_column][\/vc_row]<\/p>\n<\/div>","protected":false},"excerpt":{"rendered":"<p>[vc_row][vc_column][vc_column_text] Raphael Diaz (35 ans) devient ambassadeur de sportlifeone. \u00ab\u00a0Quand j&rsquo;\u00e9tais jeune, j&rsquo;aurais \u00e9t\u00e9 reconnaissant d&rsquo;avoir un r\u00e9seau aussi complet&#8230;<\/p>\n","protected":false},"author":6,"featured_media":34926,"comment_status":"closed","ping_status":"open","sticky":false,"template":"","format":"standard","meta":{"content-type":"","footnotes":""},"categories":[155,154],"tags":[],"class_list":{"0":"post-34914","1":"post","2":"type-post","3":"status-publish","4":"format-standard","5":"has-post-thumbnail","7":"category-general","8":"category-sportlifeone-4"},"yoast_head":"<!-- This site is optimized with the Yoast SEO plugin v27.4 - https:\/\/yoast.com\/product\/yoast-seo-wordpress\/ -->\n<title>Raphael Diaz devient ambassadeur | sportlifeone<\/title>\n<meta name=\"description\" content=\"sportlifeone ist ein unabh\u00e4ngiges Partner-Netzwerk, das sich Schweizer Profisportlern, Nachwuchsleistungsathleten, Sportfunktion\u00e4ren und Ehemaligen f\u00fcr eine nachhaltige Beratung in privaten Themen w\u00e4hrend der Karriere und \u00fcber das Karriereende hinaus anbietet.\" \/>\n<meta name=\"robots\" content=\"index, follow, max-snippet:-1, max-image-preview:large, max-video-preview:-1\" \/>\n<link rel=\"canonical\" href=\"https:\/\/sportlifeone.ch\/fr\/2021\/09\/22\/raphael-diaz-devient-ambassadeur\/\" \/>\n<meta property=\"og:locale\" content=\"fr_FR\" \/>\n<meta property=\"og:type\" content=\"article\" \/>\n<meta property=\"og:title\" content=\"Raphael Diaz devient ambassadeur | sportlifeone\" \/>\n<meta property=\"og:description\" content=\"sportlifeone ist ein unabh\u00e4ngiges Partner-Netzwerk, das sich Schweizer Profisportlern, Nachwuchsleistungsathleten, Sportfunktion\u00e4ren und Ehemaligen f\u00fcr eine nachhaltige Beratung in privaten Themen w\u00e4hrend der Karriere und \u00fcber das Karriereende hinaus anbietet.\" \/>\n<meta property=\"og:url\" content=\"https:\/\/sportlifeone.ch\/fr\/2021\/09\/22\/raphael-diaz-devient-ambassadeur\/\" \/>\n<meta property=\"og:site_name\" content=\"sportlifeone\" \/>\n<meta property=\"article:publisher\" content=\"https:\/\/www.facebook.com\/sportlifeone\" \/>\n<meta property=\"article:published_time\" content=\"2021-09-22T08:55:21+00:00\" \/>\n<meta property=\"article:modified_time\" content=\"2021-10-06T10:52:17+00:00\" \/>\n<meta property=\"og:image\" content=\"https:\/\/sportlifeone.ch\/wp-content\/uploads\/2021\/09\/PCO1011_worked_UM-1_Grad_Cut-scaled.jpg\" \/>\n\t<meta property=\"og:image:width\" content=\"2560\" \/>\n\t<meta property=\"og:image:height\" content=\"1707\" \/>\n\t<meta property=\"og:image:type\" content=\"image\/jpeg\" \/>\n<meta name=\"author\" content=\"public\" \/>\n<meta name=\"twitter:card\" content=\"summary_large_image\" \/>\n<meta name=\"twitter:creator\" content=\"@sportlifeone\" \/>\n<meta name=\"twitter:site\" content=\"@sportlifeone\" \/>\n<meta name=\"twitter:label1\" content=\"\u00c9crit par\" \/>\n\t<meta name=\"twitter:data1\" content=\"public\" \/>\n\t<meta name=\"twitter:label2\" content=\"Dur\u00e9e de lecture estim\u00e9e\" \/>\n\t<meta name=\"twitter:data2\" content=\"2 minutes\" \/>\n<script type=\"application\/ld+json\" class=\"yoast-schema-graph\">{\"@context\":\"https:\\\/\\\/schema.org\",\"@graph\":[{\"@type\":\"Article\",\"@id\":\"https:\\\/\\\/sportlifeone.ch\\\/fr\\\/2021\\\/09\\\/22\\\/raphael-diaz-devient-ambassadeur\\\/#article\",\"isPartOf\":{\"@id\":\"https:\\\/\\\/sportlifeone.ch\\\/fr\\\/2021\\\/09\\\/22\\\/raphael-diaz-devient-ambassadeur\\\/\"},\"author\":{\"name\":\"public\",\"@id\":\"https:\\\/\\\/sportlifeone.ch\\\/fr\\\/#\\\/schema\\\/person\\\/450270786cc2bf19b38f92eed4aa4d4c\"},\"headline\":\"Raphael Diaz devient ambassadeur\",\"datePublished\":\"2021-09-22T08:55:21+00:00\",\"dateModified\":\"2021-10-06T10:52:17+00:00\",\"mainEntityOfPage\":{\"@id\":\"https:\\\/\\\/sportlifeone.ch\\\/fr\\\/2021\\\/09\\\/22\\\/raphael-diaz-devient-ambassadeur\\\/\"},\"wordCount\":483,\"publisher\":{\"@id\":\"https:\\\/\\\/sportlifeone.ch\\\/fr\\\/#organization\"},\"image\":{\"@id\":\"https:\\\/\\\/sportlifeone.ch\\\/fr\\\/2021\\\/09\\\/22\\\/raphael-diaz-devient-ambassadeur\\\/#primaryimage\"},\"thumbnailUrl\":\"https:\\\/\\\/sportlifeone.ch\\\/wp-content\\\/uploads\\\/2021\\\/09\\\/PCO1011_worked_UM-1_Grad_Cut-scaled.jpg\",\"articleSection\":[\"g\u00e9n\u00e9ral\",\"sportlifeone\"],\"inLanguage\":\"fr-FR\"},{\"@type\":\"WebPage\",\"@id\":\"https:\\\/\\\/sportlifeone.ch\\\/fr\\\/2021\\\/09\\\/22\\\/raphael-diaz-devient-ambassadeur\\\/\",\"url\":\"https:\\\/\\\/sportlifeone.ch\\\/fr\\\/2021\\\/09\\\/22\\\/raphael-diaz-devient-ambassadeur\\\/\",\"name\":\"Raphael Diaz devient ambassadeur | sportlifeone\",\"isPartOf\":{\"@id\":\"https:\\\/\\\/sportlifeone.ch\\\/fr\\\/#website\"},\"primaryImageOfPage\":{\"@id\":\"https:\\\/\\\/sportlifeone.ch\\\/fr\\\/2021\\\/09\\\/22\\\/raphael-diaz-devient-ambassadeur\\\/#primaryimage\"},\"image\":{\"@id\":\"https:\\\/\\\/sportlifeone.ch\\\/fr\\\/2021\\\/09\\\/22\\\/raphael-diaz-devient-ambassadeur\\\/#primaryimage\"},\"thumbnailUrl\":\"https:\\\/\\\/sportlifeone.ch\\\/wp-content\\\/uploads\\\/2021\\\/09\\\/PCO1011_worked_UM-1_Grad_Cut-scaled.jpg\",\"datePublished\":\"2021-09-22T08:55:21+00:00\",\"dateModified\":\"2021-10-06T10:52:17+00:00\",\"description\":\"sportlifeone ist ein unabh\u00e4ngiges Partner-Netzwerk, das sich Schweizer Profisportlern, Nachwuchsleistungsathleten, Sportfunktion\u00e4ren und Ehemaligen f\u00fcr eine nachhaltige Beratung in privaten Themen w\u00e4hrend der Karriere und \u00fcber das Karriereende hinaus anbietet.\",\"breadcrumb\":{\"@id\":\"https:\\\/\\\/sportlifeone.ch\\\/fr\\\/2021\\\/09\\\/22\\\/raphael-diaz-devient-ambassadeur\\\/#breadcrumb\"},\"inLanguage\":\"fr-FR\",\"potentialAction\":[{\"@type\":\"ReadAction\",\"target\":[\"https:\\\/\\\/sportlifeone.ch\\\/fr\\\/2021\\\/09\\\/22\\\/raphael-diaz-devient-ambassadeur\\\/\"]}]},{\"@type\":\"ImageObject\",\"inLanguage\":\"fr-FR\",\"@id\":\"https:\\\/\\\/sportlifeone.ch\\\/fr\\\/2021\\\/09\\\/22\\\/raphael-diaz-devient-ambassadeur\\\/#primaryimage\",\"url\":\"https:\\\/\\\/sportlifeone.ch\\\/wp-content\\\/uploads\\\/2021\\\/09\\\/PCO1011_worked_UM-1_Grad_Cut-scaled.jpg\",\"contentUrl\":\"https:\\\/\\\/sportlifeone.ch\\\/wp-content\\\/uploads\\\/2021\\\/09\\\/PCO1011_worked_UM-1_Grad_Cut-scaled.jpg\",\"width\":2560,\"height\":1707},{\"@type\":\"BreadcrumbList\",\"@id\":\"https:\\\/\\\/sportlifeone.ch\\\/fr\\\/2021\\\/09\\\/22\\\/raphael-diaz-devient-ambassadeur\\\/#breadcrumb\",\"itemListElement\":[{\"@type\":\"ListItem\",\"position\":1,\"name\":\"Startseite\",\"item\":\"https:\\\/\\\/sportlifeone.ch\\\/fr\\\/?lang=fr\"},{\"@type\":\"ListItem\",\"position\":2,\"name\":\"Raphael Diaz devient ambassadeur\"}]},{\"@type\":\"WebSite\",\"@id\":\"https:\\\/\\\/sportlifeone.ch\\\/fr\\\/#website\",\"url\":\"https:\\\/\\\/sportlifeone.ch\\\/fr\\\/\",\"name\":\"sportlifeone\",\"description\":\"Ihre Sicherheit w\u00e4hrend und nach der Karriere\",\"publisher\":{\"@id\":\"https:\\\/\\\/sportlifeone.ch\\\/fr\\\/#organization\"},\"potentialAction\":[{\"@type\":\"SearchAction\",\"target\":{\"@type\":\"EntryPoint\",\"urlTemplate\":\"https:\\\/\\\/sportlifeone.ch\\\/fr\\\/?s={search_term_string}\"},\"query-input\":{\"@type\":\"PropertyValueSpecification\",\"valueRequired\":true,\"valueName\":\"search_term_string\"}}],\"inLanguage\":\"fr-FR\"},{\"@type\":\"Organization\",\"@id\":\"https:\\\/\\\/sportlifeone.ch\\\/fr\\\/#organization\",\"name\":\"sportlifeone\",\"url\":\"https:\\\/\\\/sportlifeone.ch\\\/fr\\\/\",\"logo\":{\"@type\":\"ImageObject\",\"inLanguage\":\"fr-FR\",\"@id\":\"https:\\\/\\\/sportlifeone.ch\\\/fr\\\/#\\\/schema\\\/logo\\\/image\\\/\",\"url\":\"https:\\\/\\\/sportlifeone.ch\\\/wp-content\\\/uploads\\\/2020\\\/04\\\/sportlifeone_Logo_Zeichenfl\u00e4che-1.jpg\",\"contentUrl\":\"https:\\\/\\\/sportlifeone.ch\\\/wp-content\\\/uploads\\\/2020\\\/04\\\/sportlifeone_Logo_Zeichenfl\u00e4che-1.jpg\",\"width\":834,\"height\":834,\"caption\":\"sportlifeone\"},\"image\":{\"@id\":\"https:\\\/\\\/sportlifeone.ch\\\/fr\\\/#\\\/schema\\\/logo\\\/image\\\/\"},\"sameAs\":[\"https:\\\/\\\/www.facebook.com\\\/sportlifeone\",\"https:\\\/\\\/x.com\\\/sportlifeone\",\"https:\\\/\\\/www.instagram.com\\\/sportlifeone_ch\\\/\",\"https:\\\/\\\/www.linkedin.com\\\/company\\\/sportlifeone\\\/\",\"https:\\\/\\\/www.youtube.com\\\/channel\\\/UCA6jwmqd06s7ydz8VnjndlQ\\\/?guided_help_flow=5\"]},{\"@type\":\"Person\",\"@id\":\"https:\\\/\\\/sportlifeone.ch\\\/fr\\\/#\\\/schema\\\/person\\\/450270786cc2bf19b38f92eed4aa4d4c\",\"name\":\"public\",\"url\":\"https:\\\/\\\/sportlifeone.ch\\\/fr\\\/author\\\/yannick-altorfer\\\/\"}]}<\/script>\n<!-- \/ Yoast SEO plugin. -->","yoast_head_json":{"title":"Raphael Diaz devient ambassadeur | sportlifeone","description":"sportlifeone ist ein unabh\u00e4ngiges Partner-Netzwerk, das sich Schweizer Profisportlern, Nachwuchsleistungsathleten, Sportfunktion\u00e4ren und Ehemaligen f\u00fcr eine nachhaltige Beratung in privaten Themen w\u00e4hrend der Karriere und \u00fcber das Karriereende hinaus anbietet.","robots":{"index":"index","follow":"follow","max-snippet":"max-snippet:-1","max-image-preview":"max-image-preview:large","max-video-preview":"max-video-preview:-1"},"canonical":"https:\/\/sportlifeone.ch\/fr\/2021\/09\/22\/raphael-diaz-devient-ambassadeur\/","og_locale":"fr_FR","og_type":"article","og_title":"Raphael Diaz devient ambassadeur | sportlifeone","og_description":"sportlifeone ist ein unabh\u00e4ngiges Partner-Netzwerk, das sich Schweizer Profisportlern, Nachwuchsleistungsathleten, Sportfunktion\u00e4ren und Ehemaligen f\u00fcr eine nachhaltige Beratung in privaten Themen w\u00e4hrend der Karriere und \u00fcber das Karriereende hinaus anbietet.","og_url":"https:\/\/sportlifeone.ch\/fr\/2021\/09\/22\/raphael-diaz-devient-ambassadeur\/","og_site_name":"sportlifeone","article_publisher":"https:\/\/www.facebook.com\/sportlifeone","article_published_time":"2021-09-22T08:55:21+00:00","article_modified_time":"2021-10-06T10:52:17+00:00","og_image":[{"width":2560,"height":1707,"url":"https:\/\/sportlifeone.ch\/wp-content\/uploads\/2021\/09\/PCO1011_worked_UM-1_Grad_Cut-scaled.jpg","type":"image\/jpeg"}],"author":"public","twitter_card":"summary_large_image","twitter_creator":"@sportlifeone","twitter_site":"@sportlifeone","twitter_misc":{"\u00c9crit par":"public","Dur\u00e9e de lecture estim\u00e9e":"2 minutes"},"schema":{"@context":"https:\/\/schema.org","@graph":[{"@type":"Article","@id":"https:\/\/sportlifeone.ch\/fr\/2021\/09\/22\/raphael-diaz-devient-ambassadeur\/#article","isPartOf":{"@id":"https:\/\/sportlifeone.ch\/fr\/2021\/09\/22\/raphael-diaz-devient-ambassadeur\/"},"author":{"name":"public","@id":"https:\/\/sportlifeone.ch\/fr\/#\/schema\/person\/450270786cc2bf19b38f92eed4aa4d4c"},"headline":"Raphael Diaz devient ambassadeur","datePublished":"2021-09-22T08:55:21+00:00","dateModified":"2021-10-06T10:52:17+00:00","mainEntityOfPage":{"@id":"https:\/\/sportlifeone.ch\/fr\/2021\/09\/22\/raphael-diaz-devient-ambassadeur\/"},"wordCount":483,"publisher":{"@id":"https:\/\/sportlifeone.ch\/fr\/#organization"},"image":{"@id":"https:\/\/sportlifeone.ch\/fr\/2021\/09\/22\/raphael-diaz-devient-ambassadeur\/#primaryimage"},"thumbnailUrl":"https:\/\/sportlifeone.ch\/wp-content\/uploads\/2021\/09\/PCO1011_worked_UM-1_Grad_Cut-scaled.jpg","articleSection":["g\u00e9n\u00e9ral","sportlifeone"],"inLanguage":"fr-FR"},{"@type":"WebPage","@id":"https:\/\/sportlifeone.ch\/fr\/2021\/09\/22\/raphael-diaz-devient-ambassadeur\/","url":"https:\/\/sportlifeone.ch\/fr\/2021\/09\/22\/raphael-diaz-devient-ambassadeur\/","name":"Raphael Diaz devient ambassadeur | sportlifeone","isPartOf":{"@id":"https:\/\/sportlifeone.ch\/fr\/#website"},"primaryImageOfPage":{"@id":"https:\/\/sportlifeone.ch\/fr\/2021\/09\/22\/raphael-diaz-devient-ambassadeur\/#primaryimage"},"image":{"@id":"https:\/\/sportlifeone.ch\/fr\/2021\/09\/22\/raphael-diaz-devient-ambassadeur\/#primaryimage"},"thumbnailUrl":"https:\/\/sportlifeone.ch\/wp-content\/uploads\/2021\/09\/PCO1011_worked_UM-1_Grad_Cut-scaled.jpg","datePublished":"2021-09-22T08:55:21+00:00","dateModified":"2021-10-06T10:52:17+00:00","description":"sportlifeone ist ein unabh\u00e4ngiges Partner-Netzwerk, das sich Schweizer Profisportlern, Nachwuchsleistungsathleten, Sportfunktion\u00e4ren und Ehemaligen f\u00fcr eine nachhaltige Beratung in privaten Themen w\u00e4hrend der Karriere und \u00fcber das Karriereende hinaus anbietet.","breadcrumb":{"@id":"https:\/\/sportlifeone.ch\/fr\/2021\/09\/22\/raphael-diaz-devient-ambassadeur\/#breadcrumb"},"inLanguage":"fr-FR","potentialAction":[{"@type":"ReadAction","target":["https:\/\/sportlifeone.ch\/fr\/2021\/09\/22\/raphael-diaz-devient-ambassadeur\/"]}]},{"@type":"ImageObject","inLanguage":"fr-FR","@id":"https:\/\/sportlifeone.ch\/fr\/2021\/09\/22\/raphael-diaz-devient-ambassadeur\/#primaryimage","url":"https:\/\/sportlifeone.ch\/wp-content\/uploads\/2021\/09\/PCO1011_worked_UM-1_Grad_Cut-scaled.jpg","contentUrl":"https:\/\/sportlifeone.ch\/wp-content\/uploads\/2021\/09\/PCO1011_worked_UM-1_Grad_Cut-scaled.jpg","width":2560,"height":1707},{"@type":"BreadcrumbList","@id":"https:\/\/sportlifeone.ch\/fr\/2021\/09\/22\/raphael-diaz-devient-ambassadeur\/#breadcrumb","itemListElement":[{"@type":"ListItem","position":1,"name":"Startseite","item":"https:\/\/sportlifeone.ch\/fr\/?lang=fr"},{"@type":"ListItem","position":2,"name":"Raphael Diaz devient ambassadeur"}]},{"@type":"WebSite","@id":"https:\/\/sportlifeone.ch\/fr\/#website","url":"https:\/\/sportlifeone.ch\/fr\/","name":"sportlifeone","description":"Ihre Sicherheit w\u00e4hrend und nach der Karriere","publisher":{"@id":"https:\/\/sportlifeone.ch\/fr\/#organization"},"potentialAction":[{"@type":"SearchAction","target":{"@type":"EntryPoint","urlTemplate":"https:\/\/sportlifeone.ch\/fr\/?s={search_term_string}"},"query-input":{"@type":"PropertyValueSpecification","valueRequired":true,"valueName":"search_term_string"}}],"inLanguage":"fr-FR"},{"@type":"Organization","@id":"https:\/\/sportlifeone.ch\/fr\/#organization","name":"sportlifeone","url":"https:\/\/sportlifeone.ch\/fr\/","logo":{"@type":"ImageObject","inLanguage":"fr-FR","@id":"https:\/\/sportlifeone.ch\/fr\/#\/schema\/logo\/image\/","url":"https:\/\/sportlifeone.ch\/wp-content\/uploads\/2020\/04\/sportlifeone_Logo_Zeichenfl\u00e4che-1.jpg","contentUrl":"https:\/\/sportlifeone.ch\/wp-content\/uploads\/2020\/04\/sportlifeone_Logo_Zeichenfl\u00e4che-1.jpg","width":834,"height":834,"caption":"sportlifeone"},"image":{"@id":"https:\/\/sportlifeone.ch\/fr\/#\/schema\/logo\/image\/"},"sameAs":["https:\/\/www.facebook.com\/sportlifeone","https:\/\/x.com\/sportlifeone","https:\/\/www.instagram.com\/sportlifeone_ch\/","https:\/\/www.linkedin.com\/company\/sportlifeone\/","https:\/\/www.youtube.com\/channel\/UCA6jwmqd06s7ydz8VnjndlQ\/?guided_help_flow=5"]},{"@type":"Person","@id":"https:\/\/sportlifeone.ch\/fr\/#\/schema\/person\/450270786cc2bf19b38f92eed4aa4d4c","name":"public","url":"https:\/\/sportlifeone.ch\/fr\/author\/yannick-altorfer\/"}]}},"menu_order":0,"_links":{"self":[{"href":"https:\/\/sportlifeone.ch\/fr\/wp-json\/wp\/v2\/posts\/34914","targetHints":{"allow":["GET"]}}],"collection":[{"href":"https:\/\/sportlifeone.ch\/fr\/wp-json\/wp\/v2\/posts"}],"about":[{"href":"https:\/\/sportlifeone.ch\/fr\/wp-json\/wp\/v2\/types\/post"}],"author":[{"embeddable":true,"href":"https:\/\/sportlifeone.ch\/fr\/wp-json\/wp\/v2\/users\/6"}],"replies":[{"embeddable":true,"href":"https:\/\/sportlifeone.ch\/fr\/wp-json\/wp\/v2\/comments?post=34914"}],"version-history":[{"count":0,"href":"https:\/\/sportlifeone.ch\/fr\/wp-json\/wp\/v2\/posts\/34914\/revisions"}],"wp:featuredmedia":[{"embeddable":true,"href":"https:\/\/sportlifeone.ch\/fr\/wp-json\/wp\/v2\/media\/34926"}],"wp:attachment":[{"href":"https:\/\/sportlifeone.ch\/fr\/wp-json\/wp\/v2\/media?parent=34914"}],"wp:term":[{"taxonomy":"category","embeddable":true,"href":"https:\/\/sportlifeone.ch\/fr\/wp-json\/wp\/v2\/categories?post=34914"},{"taxonomy":"post_tag","embeddable":true,"href":"https:\/\/sportlifeone.ch\/fr\/wp-json\/wp\/v2\/tags?post=34914"}],"curies":[{"name":"wp","href":"https:\/\/api.w.org\/{rel}","templated":true}]}}